{"id":2187,"date":"2026-04-29T16:50:04","date_gmt":"2026-04-29T14:50:04","guid":{"rendered":"https:\/\/jeanclaudefaujour.com\/?p=2187"},"modified":"2026-08-16T18:02:53","modified_gmt":"2026-08-16T16:02:53","slug":"une-serie-de-peintures-et-poemes-haikus-darree-va-etre-editee-prochainement-dans-un-livre-tire-a-300-exemplaires","status":"publish","type":"post","link":"https:\/\/jeanclaudefaujour.com\/index.php\/2026\/04\/29\/une-serie-de-peintures-et-poemes-haikus-darree-va-etre-editee-prochainement-dans-un-livre-tire-a-300-exemplaires\/","title":{"rendered":"Le dernier Week-end du mois d&rsquo;Ao\u00fbt , Jean-Claude Faujour d\u00e9dicacera son livre \u00ab\u00a0Ha\u00efkus d&rsquo;Arr\u00e9e\u00a0\u00bb \u00a0 \u00a0 \u00a0"},"content":{"rendered":"\n<p class=\"wp-block-paragraph\">Peintures et Ha\u00efkus<\/p>\n\n\n\n<p class=\"wp-block-paragraph\">A PLOUNEOUR-MENEZ- 29410<\/p>\n\n\n\n<p class=\"wp-block-paragraph\">\u00e0 La Salle des Expositions (ancienne poste) .<\/p>\n\n\n\n<p class=\"wp-block-paragraph\">Le Samedi 29 Ao\u00fbt et Le Dimanche 30 Ao\u00fbt .<\/p>\n\n\n\n<p class=\"wp-block-paragraph\">de 10 H \u00e0 12 H et de 14 H \u00e0 18 H 30<\/p>\n\n\n<p><a href=\"https:\/\/jeanclaudefaujour.com\/wp-content\/uploads\/2026\/04\/IMG_1333-scaled.jpg\" target=\"_blank\" rel=\"noopener\"><img loading=\"lazy\" decoding=\"async\" class=\"alignleft size-medium wp-image-2196\" src=\"https:\/\/jeanclaudefaujour.com\/wp-content\/uploads\/2026\/04\/IMG_1333-300x226.jpg\" alt=\"\" width=\"300\" height=\"226\" srcset=\"https:\/\/jeanclaudefaujour.com\/wp-content\/uploads\/2026\/04\/IMG_1333-300x226.jpg 300w, https:\/\/jeanclaudefaujour.com\/wp-content\/uploads\/2026\/04\/IMG_1333-1024x772.jpg 1024w, https:\/\/jeanclaudefaujour.com\/wp-content\/uploads\/2026\/04\/IMG_1333-768x579.jpg 768w, https:\/\/jeanclaudefaujour.com\/wp-content\/uploads\/2026\/04\/IMG_1333-1536x1158.jpg 1536w, https:\/\/jeanclaudefaujour.com\/wp-content\/uploads\/2026\/04\/IMG_1333-2048x1544.jpg 2048w\" sizes=\"auto, (max-width: 300px) 100vw, 300px\" \/><\/a><\/p>\n\n\n<div class=\"wp-block-columns is-layout-flex wp-container-core-columns-is-layout-8f761849 wp-block-columns-is-layout-flex\">\n<div class=\"wp-block-column is-layout-flow wp-block-column-is-layout-flow\" style=\"flex-basis:100%\">\n<p class=\"wp-block-paragraph\">\u00a0 \u00a0 \u00a0 \u00a0 \u00a0 \u00a0 \u00a0 \u00a0 \u00a0 \u00a0 \u00a0 \u00a0 \u00a0 \u00a0 \u00a0 \u00a0 \u00a0 \u00a0 <\/p>\n\n\n\n<p class=\"wp-block-paragraph\"><\/p>\n\n\n\n<p class=\"wp-block-paragraph\">\u00a0 \u00a0 \u00a0 \u00a0 \u00a0 <\/p>\n\n\n<div class=\"wp-block-image\">\n<figure class=\"alignleft\"><a href=\"https:\/\/jeanclaudefaujour.com\/wp-content\/uploads\/2026\/04\/Paru-le-29-avril-2026-dans-Ouest-France.jpg\" target=\"_blank\" rel=\" noreferrer noopener\"><img loading=\"lazy\" decoding=\"async\" width=\"300\" height=\"220\" src=\"https:\/\/jeanclaudefaujour.com\/wp-content\/uploads\/2026\/04\/Paru-le-29-avril-2026-dans-Ouest-France-300x220.jpg\" alt=\"\" class=\"wp-image-2186\" srcset=\"https:\/\/jeanclaudefaujour.com\/wp-content\/uploads\/2026\/04\/Paru-le-29-avril-2026-dans-Ouest-France-300x220.jpg 300w, https:\/\/jeanclaudefaujour.com\/wp-content\/uploads\/2026\/04\/Paru-le-29-avril-2026-dans-Ouest-France-1024x753.jpg 1024w, https:\/\/jeanclaudefaujour.com\/wp-content\/uploads\/2026\/04\/Paru-le-29-avril-2026-dans-Ouest-France-768x564.jpg 768w, https:\/\/jeanclaudefaujour.com\/wp-content\/uploads\/2026\/04\/Paru-le-29-avril-2026-dans-Ouest-France.jpg 1260w\" sizes=\"auto, (max-width: 300px) 100vw, 300px\" \/><\/a><figcaption class=\"wp-element-caption\">Photo Ouest-France<\/figcaption><\/figure>\n<\/div><\/div>\n<\/div>\n","protected":false},"excerpt":{"rendered":"<p>Peintures et Ha\u00efkus A PLOUNEOUR-MENEZ- 29410 \u00e0 La Salle des Expositions (ancienne poste) . Le Samedi 29 Ao\u00fbt et Le Dimanche 30 Ao\u00fbt . de 10 H \u00e0 12 H et de 14 H \u00e0 18 H 30 \u00a0 \u00a0 \u00a0 \u00a0 \u00a0 \u00a0 \u00a0 \u00a0 \u00a0 \u00a0 \u00a0 \u00a0 \u00a0 \u00a0 \u00a0 \u00a0 \u00a0 &hellip; <\/p>\n<p class=\"link-more\"><a href=\"https:\/\/jeanclaudefaujour.com\/index.php\/2026\/04\/29\/une-serie-de-peintures-et-poemes-haikus-darree-va-etre-editee-prochainement-dans-un-livre-tire-a-300-exemplaires\/\" class=\"more-link\">Continuer la lecture<span class=\"screen-reader-text\"> de &laquo;&nbsp;Le dernier Week-end du mois d&rsquo;Ao\u00fbt , Jean-Claude Faujour d\u00e9dicacera son livre \u00ab\u00a0Ha\u00efkus d&rsquo;Arr\u00e9e\u00a0\u00bb \u00a0 \u00a0 \u00a0&nbsp;&raquo;<\/span><\/a><\/p>\n","protected":false},"author":1,"featured_media":0,"comment_status":"closed","ping_status":"closed","sticky":false,"template":"","format":"standard","meta":{"footnotes":""},"categories":[12],"tags":[],"class_list":["post-2187","post","type-post","status-publish","format-standard","hentry","category-tableaux"],"yoast_head":"<!-- This site is optimized with the Yoast SEO plugin v28.3 - https:\/\/yoast.com\/product\/yoast-seo-wordpress\/ -->\n<title>Le dernier Week-end du mois d&#039;Ao\u00fbt , Jean-Claude Faujour d\u00e9dicacera son livre &quot;Ha\u00efkus d&#039;Arr\u00e9e&quot; \u00a0 \u00a0 \u00a0 - Jean-Claude Faujour<\/title>\n<meta name=\"robots\" content=\"noindex, follow, max-snippet:-1, max-image-preview:large, max-video-preview:-1\" \/>\n<meta property=\"og:locale\" content=\"fr_FR\" \/>\n<meta property=\"og:type\" content=\"article\" \/>\n<meta property=\"og:title\" content=\"Le dernier Week-end du mois d&#039;Ao\u00fbt , Jean-Claude Faujour d\u00e9dicacera son livre &quot;Ha\u00efkus d&#039;Arr\u00e9e&quot; \u00a0 \u00a0 \u00a0 - Jean-Claude Faujour\" \/>\n<meta property=\"og:description\" content=\"Peintures et Ha\u00efkus A PLOUNEOUR-MENEZ- 29410 \u00e0 La Salle des Expositions (ancienne poste) . Le Samedi 29 Ao\u00fbt et Le Dimanche 30 Ao\u00fbt . de 10 H \u00e0 12 H et de 14 H \u00e0 18 H 30 \u00a0 \u00a0 \u00a0 \u00a0 \u00a0 \u00a0 \u00a0 \u00a0 \u00a0 \u00a0 \u00a0 \u00a0 \u00a0 \u00a0 \u00a0 \u00a0 \u00a0 &hellip; Continuer la lecture de &laquo;&nbsp;Le dernier Week-end du mois d&rsquo;Ao\u00fbt , Jean-Claude Faujour d\u00e9dicacera son livre \u00ab\u00a0Ha\u00efkus d&rsquo;Arr\u00e9e\u00a0\u00bb \u00a0 \u00a0 \u00a0&nbsp;&raquo;\" \/>\n<meta property=\"og:url\" content=\"https:\/\/jeanclaudefaujour.com\/index.php\/2026\/04\/29\/une-serie-de-peintures-et-poemes-haikus-darree-va-etre-editee-prochainement-dans-un-livre-tire-a-300-exemplaires\/\" \/>\n<meta property=\"og:site_name\" content=\"Jean-Claude Faujour\" \/>\n<meta property=\"article:published_time\" content=\"2026-04-29T14:50:04+00:00\" \/>\n<meta property=\"article:modified_time\" content=\"2026-08-16T16:02:53+00:00\" \/>\n<meta property=\"og:image\" content=\"https:\/\/jeanclaudefaujour.com\/wp-content\/uploads\/2026\/04\/IMG_1333-300x226.jpg\" \/>\n<meta name=\"author\" content=\"JCF\" \/>\n<meta name=\"twitter:card\" content=\"summary_large_image\" \/>\n<meta name=\"twitter:label1\" content=\"\u00c9crit par\" \/>\n\t<meta name=\"twitter:data1\" content=\"JCF\" \/>\n<script type=\"application\/ld+json\" class=\"yoast-schema-graph\">{\"@context\":\"https:\\\/\\\/schema.org\",\"@graph\":[{\"@type\":\"Article\",\"@id\":\"https:\\\/\\\/jeanclaudefaujour.com\\\/index.php\\\/2026\\\/04\\\/29\\\/une-serie-de-peintures-et-poemes-haikus-darree-va-etre-editee-prochainement-dans-un-livre-tire-a-300-exemplaires\\\/#article\",\"isPartOf\":{\"@id\":\"https:\\\/\\\/jeanclaudefaujour.com\\\/index.php\\\/2026\\\/04\\\/29\\\/une-serie-de-peintures-et-poemes-haikus-darree-va-etre-editee-prochainement-dans-un-livre-tire-a-300-exemplaires\\\/\"},\"author\":{\"name\":\"JCF\",\"@id\":\"https:\\\/\\\/jeanclaudefaujour.com\\\/#\\\/schema\\\/person\\\/5f6fd810736513b86d9dd8cdcf608699\"},\"headline\":\"Le dernier Week-end du mois d&rsquo;Ao\u00fbt , Jean-Claude Faujour d\u00e9dicacera son livre \u00ab\u00a0Ha\u00efkus d&rsquo;Arr\u00e9e\u00a0\u00bb \u00a0 \u00a0 \u00a0\",\"datePublished\":\"2026-04-29T14:50:04+00:00\",\"dateModified\":\"2026-08-16T16:02:53+00:00\",\"mainEntityOfPage\":{\"@id\":\"https:\\\/\\\/jeanclaudefaujour.com\\\/index.php\\\/2026\\\/04\\\/29\\\/une-serie-de-peintures-et-poemes-haikus-darree-va-etre-editee-prochainement-dans-un-livre-tire-a-300-exemplaires\\\/\"},\"wordCount\":47,\"image\":{\"@id\":\"https:\\\/\\\/jeanclaudefaujour.com\\\/index.php\\\/2026\\\/04\\\/29\\\/une-serie-de-peintures-et-poemes-haikus-darree-va-etre-editee-prochainement-dans-un-livre-tire-a-300-exemplaires\\\/#primaryimage\"},\"thumbnailUrl\":\"https:\\\/\\\/jeanclaudefaujour.com\\\/wp-content\\\/uploads\\\/2026\\\/04\\\/IMG_1333-300x226.jpg\",\"articleSection\":[\"tableaux\"],\"inLanguage\":\"fr-FR\"},{\"@type\":\"WebPage\",\"@id\":\"https:\\\/\\\/jeanclaudefaujour.com\\\/index.php\\\/2026\\\/04\\\/29\\\/une-serie-de-peintures-et-poemes-haikus-darree-va-etre-editee-prochainement-dans-un-livre-tire-a-300-exemplaires\\\/\",\"url\":\"https:\\\/\\\/jeanclaudefaujour.com\\\/index.php\\\/2026\\\/04\\\/29\\\/une-serie-de-peintures-et-poemes-haikus-darree-va-etre-editee-prochainement-dans-un-livre-tire-a-300-exemplaires\\\/\",\"name\":\"Le dernier Week-end du mois d'Ao\u00fbt , Jean-Claude Faujour d\u00e9dicacera son livre \\\"Ha\u00efkus d'Arr\u00e9e\\\" \u00a0 \u00a0 \u00a0 - Jean-Claude Faujour\",\"isPartOf\":{\"@id\":\"https:\\\/\\\/jeanclaudefaujour.com\\\/#website\"},\"primaryImageOfPage\":{\"@id\":\"https:\\\/\\\/jeanclaudefaujour.com\\\/index.php\\\/2026\\\/04\\\/29\\\/une-serie-de-peintures-et-poemes-haikus-darree-va-etre-editee-prochainement-dans-un-livre-tire-a-300-exemplaires\\\/#primaryimage\"},\"image\":{\"@id\":\"https:\\\/\\\/jeanclaudefaujour.com\\\/index.php\\\/2026\\\/04\\\/29\\\/une-serie-de-peintures-et-poemes-haikus-darree-va-etre-editee-prochainement-dans-un-livre-tire-a-300-exemplaires\\\/#primaryimage\"},\"thumbnailUrl\":\"https:\\\/\\\/jeanclaudefaujour.com\\\/wp-content\\\/uploads\\\/2026\\\/04\\\/IMG_1333-300x226.jpg\",\"datePublished\":\"2026-04-29T14:50:04+00:00\",\"dateModified\":\"2026-08-16T16:02:53+00:00\",\"author\":{\"@id\":\"https:\\\/\\\/jeanclaudefaujour.com\\\/#\\\/schema\\\/person\\\/5f6fd810736513b86d9dd8cdcf608699\"},\"breadcrumb\":{\"@id\":\"https:\\\/\\\/jeanclaudefaujour.com\\\/index.php\\\/2026\\\/04\\\/29\\\/une-serie-de-peintures-et-poemes-haikus-darree-va-etre-editee-prochainement-dans-un-livre-tire-a-300-exemplaires\\\/#breadcrumb\"},\"inLanguage\":\"fr-FR\",\"potentialAction\":[{\"@type\":\"ReadAction\",\"target\":[\"https:\\\/\\\/jeanclaudefaujour.com\\\/index.php\\\/2026\\\/04\\\/29\\\/une-serie-de-peintures-et-poemes-haikus-darree-va-etre-editee-prochainement-dans-un-livre-tire-a-300-exemplaires\\\/\"]}]},{\"@type\":\"ImageObject\",\"inLanguage\":\"fr-FR\",\"@id\":\"https:\\\/\\\/jeanclaudefaujour.com\\\/index.php\\\/2026\\\/04\\\/29\\\/une-serie-de-peintures-et-poemes-haikus-darree-va-etre-editee-prochainement-dans-un-livre-tire-a-300-exemplaires\\\/#primaryimage\",\"url\":\"https:\\\/\\\/jeanclaudefaujour.com\\\/wp-content\\\/uploads\\\/2026\\\/04\\\/IMG_1333-scaled.jpg\",\"contentUrl\":\"https:\\\/\\\/jeanclaudefaujour.com\\\/wp-content\\\/uploads\\\/2026\\\/04\\\/IMG_1333-scaled.jpg\",\"width\":2560,\"height\":1930},{\"@type\":\"BreadcrumbList\",\"@id\":\"https:\\\/\\\/jeanclaudefaujour.com\\\/index.php\\\/2026\\\/04\\\/29\\\/une-serie-de-peintures-et-poemes-haikus-darree-va-etre-editee-prochainement-dans-un-livre-tire-a-300-exemplaires\\\/#breadcrumb\",\"itemListElement\":[{\"@type\":\"ListItem\",\"position\":1,\"name\":\"Accueil\",\"item\":\"https:\\\/\\\/jeanclaudefaujour.com\\\/\"},{\"@type\":\"ListItem\",\"position\":2,\"name\":\"Le dernier Week-end du mois d&rsquo;Ao\u00fbt , Jean-Claude Faujour d\u00e9dicacera son livre \u00ab\u00a0Ha\u00efkus d&rsquo;Arr\u00e9e\u00a0\u00bb \u00a0 \u00a0 \u00a0\"}]},{\"@type\":\"WebSite\",\"@id\":\"https:\\\/\\\/jeanclaudefaujour.com\\\/#website\",\"url\":\"https:\\\/\\\/jeanclaudefaujour.com\\\/\",\"name\":\"Jean-Claude Faujour\",\"description\":\"tous droits r\u00e9serv\u00e9s\",\"potentialAction\":[{\"@type\":\"SearchAction\",\"target\":{\"@type\":\"EntryPoint\",\"urlTemplate\":\"https:\\\/\\\/jeanclaudefaujour.com\\\/?s={search_term_string}\"},\"query-input\":{\"@type\":\"PropertyValueSpecification\",\"valueRequired\":true,\"valueName\":\"search_term_string\"}}],\"inLanguage\":\"fr-FR\"},{\"@type\":\"Person\",\"@id\":\"https:\\\/\\\/jeanclaudefaujour.com\\\/#\\\/schema\\\/person\\\/5f6fd810736513b86d9dd8cdcf608699\",\"name\":\"JCF\",\"sameAs\":[\"http:\\\/\\\/jeanclaudefaujour.com\"],\"url\":\"https:\\\/\\\/jeanclaudefaujour.com\\\/index.php\\\/author\\\/admin9200\\\/\"}]}<\/script>\n<!-- \/ Yoast SEO plugin. -->","yoast_head_json":{"title":"Le dernier Week-end du mois d'Ao\u00fbt , Jean-Claude Faujour d\u00e9dicacera son livre \"Ha\u00efkus d'Arr\u00e9e\" \u00a0 \u00a0 \u00a0 - Jean-Claude Faujour","robots":{"index":"noindex","follow":"follow","max-snippet":"max-snippet:-1","max-image-preview":"max-image-preview:large","max-video-preview":"max-video-preview:-1"},"og_locale":"fr_FR","og_type":"article","og_title":"Le dernier Week-end du mois d'Ao\u00fbt , Jean-Claude Faujour d\u00e9dicacera son livre \"Ha\u00efkus d'Arr\u00e9e\" \u00a0 \u00a0 \u00a0 - Jean-Claude Faujour","og_description":"Peintures et Ha\u00efkus A PLOUNEOUR-MENEZ- 29410 \u00e0 La Salle des Expositions (ancienne poste) . Le Samedi 29 Ao\u00fbt et Le Dimanche 30 Ao\u00fbt . de 10 H \u00e0 12 H et de 14 H \u00e0 18 H 30 \u00a0 \u00a0 \u00a0 \u00a0 \u00a0 \u00a0 \u00a0 \u00a0 \u00a0 \u00a0 \u00a0 \u00a0 \u00a0 \u00a0 \u00a0 \u00a0 \u00a0 &hellip; Continuer la lecture de &laquo;&nbsp;Le dernier Week-end du mois d&rsquo;Ao\u00fbt , Jean-Claude Faujour d\u00e9dicacera son livre \u00ab\u00a0Ha\u00efkus d&rsquo;Arr\u00e9e\u00a0\u00bb \u00a0 \u00a0 \u00a0&nbsp;&raquo;","og_url":"https:\/\/jeanclaudefaujour.com\/index.php\/2026\/04\/29\/une-serie-de-peintures-et-poemes-haikus-darree-va-etre-editee-prochainement-dans-un-livre-tire-a-300-exemplaires\/","og_site_name":"Jean-Claude Faujour","article_published_time":"2026-04-29T14:50:04+00:00","article_modified_time":"2026-08-16T16:02:53+00:00","og_image":[{"url":"https:\/\/jeanclaudefaujour.com\/wp-content\/uploads\/2026\/04\/IMG_1333-300x226.jpg","type":"","width":"","height":""}],"author":"JCF","twitter_card":"summary_large_image","twitter_misc":{"\u00c9crit par":"JCF"},"schema":{"@context":"https:\/\/schema.org","@graph":[{"@type":"Article","@id":"https:\/\/jeanclaudefaujour.com\/index.php\/2026\/04\/29\/une-serie-de-peintures-et-poemes-haikus-darree-va-etre-editee-prochainement-dans-un-livre-tire-a-300-exemplaires\/#article","isPartOf":{"@id":"https:\/\/jeanclaudefaujour.com\/index.php\/2026\/04\/29\/une-serie-de-peintures-et-poemes-haikus-darree-va-etre-editee-prochainement-dans-un-livre-tire-a-300-exemplaires\/"},"author":{"name":"JCF","@id":"https:\/\/jeanclaudefaujour.com\/#\/schema\/person\/5f6fd810736513b86d9dd8cdcf608699"},"headline":"Le dernier Week-end du mois d&rsquo;Ao\u00fbt , Jean-Claude Faujour d\u00e9dicacera son livre \u00ab\u00a0Ha\u00efkus d&rsquo;Arr\u00e9e\u00a0\u00bb \u00a0 \u00a0 \u00a0","datePublished":"2026-04-29T14:50:04+00:00","dateModified":"2026-08-16T16:02:53+00:00","mainEntityOfPage":{"@id":"https:\/\/jeanclaudefaujour.com\/index.php\/2026\/04\/29\/une-serie-de-peintures-et-poemes-haikus-darree-va-etre-editee-prochainement-dans-un-livre-tire-a-300-exemplaires\/"},"wordCount":47,"image":{"@id":"https:\/\/jeanclaudefaujour.com\/index.php\/2026\/04\/29\/une-serie-de-peintures-et-poemes-haikus-darree-va-etre-editee-prochainement-dans-un-livre-tire-a-300-exemplaires\/#primaryimage"},"thumbnailUrl":"https:\/\/jeanclaudefaujour.com\/wp-content\/uploads\/2026\/04\/IMG_1333-300x226.jpg","articleSection":["tableaux"],"inLanguage":"fr-FR"},{"@type":"WebPage","@id":"https:\/\/jeanclaudefaujour.com\/index.php\/2026\/04\/29\/une-serie-de-peintures-et-poemes-haikus-darree-va-etre-editee-prochainement-dans-un-livre-tire-a-300-exemplaires\/","url":"https:\/\/jeanclaudefaujour.com\/index.php\/2026\/04\/29\/une-serie-de-peintures-et-poemes-haikus-darree-va-etre-editee-prochainement-dans-un-livre-tire-a-300-exemplaires\/","name":"Le dernier Week-end du mois d'Ao\u00fbt , Jean-Claude Faujour d\u00e9dicacera son livre \"Ha\u00efkus d'Arr\u00e9e\" \u00a0 \u00a0 \u00a0 - Jean-Claude Faujour","isPartOf":{"@id":"https:\/\/jeanclaudefaujour.com\/#website"},"primaryImageOfPage":{"@id":"https:\/\/jeanclaudefaujour.com\/index.php\/2026\/04\/29\/une-serie-de-peintures-et-poemes-haikus-darree-va-etre-editee-prochainement-dans-un-livre-tire-a-300-exemplaires\/#primaryimage"},"image":{"@id":"https:\/\/jeanclaudefaujour.com\/index.php\/2026\/04\/29\/une-serie-de-peintures-et-poemes-haikus-darree-va-etre-editee-prochainement-dans-un-livre-tire-a-300-exemplaires\/#primaryimage"},"thumbnailUrl":"https:\/\/jeanclaudefaujour.com\/wp-content\/uploads\/2026\/04\/IMG_1333-300x226.jpg","datePublished":"2026-04-29T14:50:04+00:00","dateModified":"2026-08-16T16:02:53+00:00","author":{"@id":"https:\/\/jeanclaudefaujour.com\/#\/schema\/person\/5f6fd810736513b86d9dd8cdcf608699"},"breadcrumb":{"@id":"https:\/\/jeanclaudefaujour.com\/index.php\/2026\/04\/29\/une-serie-de-peintures-et-poemes-haikus-darree-va-etre-editee-prochainement-dans-un-livre-tire-a-300-exemplaires\/#breadcrumb"},"inLanguage":"fr-FR","potentialAction":[{"@type":"ReadAction","target":["https:\/\/jeanclaudefaujour.com\/index.php\/2026\/04\/29\/une-serie-de-peintures-et-poemes-haikus-darree-va-etre-editee-prochainement-dans-un-livre-tire-a-300-exemplaires\/"]}]},{"@type":"ImageObject","inLanguage":"fr-FR","@id":"https:\/\/jeanclaudefaujour.com\/index.php\/2026\/04\/29\/une-serie-de-peintures-et-poemes-haikus-darree-va-etre-editee-prochainement-dans-un-livre-tire-a-300-exemplaires\/#primaryimage","url":"https:\/\/jeanclaudefaujour.com\/wp-content\/uploads\/2026\/04\/IMG_1333-scaled.jpg","contentUrl":"https:\/\/jeanclaudefaujour.com\/wp-content\/uploads\/2026\/04\/IMG_1333-scaled.jpg","width":2560,"height":1930},{"@type":"BreadcrumbList","@id":"https:\/\/jeanclaudefaujour.com\/index.php\/2026\/04\/29\/une-serie-de-peintures-et-poemes-haikus-darree-va-etre-editee-prochainement-dans-un-livre-tire-a-300-exemplaires\/#breadcrumb","itemListElement":[{"@type":"ListItem","position":1,"name":"Accueil","item":"https:\/\/jeanclaudefaujour.com\/"},{"@type":"ListItem","position":2,"name":"Le dernier Week-end du mois d&rsquo;Ao\u00fbt , Jean-Claude Faujour d\u00e9dicacera son livre \u00ab\u00a0Ha\u00efkus d&rsquo;Arr\u00e9e\u00a0\u00bb \u00a0 \u00a0 \u00a0"}]},{"@type":"WebSite","@id":"https:\/\/jeanclaudefaujour.com\/#website","url":"https:\/\/jeanclaudefaujour.com\/","name":"Jean-Claude Faujour","description":"tous droits r\u00e9serv\u00e9s","potentialAction":[{"@type":"SearchAction","target":{"@type":"EntryPoint","urlTemplate":"https:\/\/jeanclaudefaujour.com\/?s={search_term_string}"},"query-input":{"@type":"PropertyValueSpecification","valueRequired":true,"valueName":"search_term_string"}}],"inLanguage":"fr-FR"},{"@type":"Person","@id":"https:\/\/jeanclaudefaujour.com\/#\/schema\/person\/5f6fd810736513b86d9dd8cdcf608699","name":"JCF","sameAs":["http:\/\/jeanclaudefaujour.com"],"url":"https:\/\/jeanclaudefaujour.com\/index.php\/author\/admin9200\/"}]}},"_links":{"self":[{"href":"https:\/\/jeanclaudefaujour.com\/index.php\/wp-json\/wp\/v2\/posts\/2187","targetHints":{"allow":["GET"]}}],"collection":[{"href":"https:\/\/jeanclaudefaujour.com\/index.php\/wp-json\/wp\/v2\/posts"}],"about":[{"href":"https:\/\/jeanclaudefaujour.com\/index.php\/wp-json\/wp\/v2\/types\/post"}],"author":[{"embeddable":true,"href":"https:\/\/jeanclaudefaujour.com\/index.php\/wp-json\/wp\/v2\/users\/1"}],"replies":[{"embeddable":true,"href":"https:\/\/jeanclaudefaujour.com\/index.php\/wp-json\/wp\/v2\/comments?post=2187"}],"version-history":[{"count":4,"href":"https:\/\/jeanclaudefaujour.com\/index.php\/wp-json\/wp\/v2\/posts\/2187\/revisions"}],"predecessor-version":[{"id":2197,"href":"https:\/\/jeanclaudefaujour.com\/index.php\/wp-json\/wp\/v2\/posts\/2187\/revisions\/2197"}],"wp:attachment":[{"href":"https:\/\/jeanclaudefaujour.com\/index.php\/wp-json\/wp\/v2\/media?parent=2187"}],"wp:term":[{"taxonomy":"category","embeddable":true,"href":"https:\/\/jeanclaudefaujour.com\/index.php\/wp-json\/wp\/v2\/categories?post=2187"},{"taxonomy":"post_tag","embeddable":true,"href":"https:\/\/jeanclaudefaujour.com\/index.php\/wp-json\/wp\/v2\/tags?post=2187"}],"curies":[{"name":"wp","href":"https:\/\/api.w.org\/{rel}","templated":true}]}}